{"id":4759,"date":"2024-09-04T15:10:00","date_gmt":"2024-09-04T13:10:00","guid":{"rendered":"https:\/\/pentruvoi.ro\/?p=4759"},"modified":"2025-01-14T15:45:56","modified_gmt":"2025-01-14T13:45:56","slug":"excursii-cu-sprijinul-comunitatii-catre-fundatia-pentru-voi","status":"publish","type":"post","link":"https:\/\/dev.cm.upt.ro\/pentruvoi\/pentru-voi\/excursii-cu-sprijinul-comunitatii-catre-fundatia-pentru-voi\/","title":{"rendered":"Comunicat de presa: Excursii cu sprijinul comunitatii catre Fundatia Pentru Voi"},"content":{"rendered":"\n<p>De peste 25 de ani, organizam pentru fiecare dintre centrele noastre de zi, excursii anuale, asteptate cu mult enrtuziasm si nerabdare de catre persoanele cu dizabilitati intelectuale, care beneficiaza de acest tip de serviciu social.<\/p>\n\n\n\n<p>Excursiile sunt pentru unii dintre beneficiarii nostri singura oportunitate de a iesi din oras si de a se bucura de natura, soare, peisaje frumoase, aer curat.<\/p>\n\n\n\n<p>Beneficiarii Centrului de Zi Ladislau Tacsi au fost astazi la Manastirea Hodos-Bodrog. Masa lor de pranz a fost&nbsp; sponsorizata de firma Sam Atraction.<\/p>\n\n\n\n<p>Beneficiarii Centrului de zi Orizonturi Noi vor merge in excursie la Manastirea Feredeu, in data de 13 septembrie. Vor servi masa de pranz la Conacul de pe lac, ca donatie de la Echipa de crscatori de tomate, ce a reprezentat Romania la Festivalul de la Bruxelles.<\/p>\n\n\n\n<p>Beneficiarii Centrului de zi Impreuna vor merge la Manastirea Partos,&nbsp;<a>in data de 19 septembrie<\/a>. Acolo vor servi si pranzul, prin bunavointa si sprijinul exarhului m\u0103n\u0103stirilor din Mitropolia Banatului, Simeon Stana.<\/p>\n\n\n\n<p>Transportul cu autocarul pentru toate cele 3 excursii este&nbsp; asigurat de&nbsp;<a rel=\"noreferrer noopener\" target=\"_blank\" href=\"https:\/\/www.facebook.com\/UPTimisoara?__cft__%5b0%5d=AZU7N33GcMZFwFt8aT6nSkUjfkhbKkyA9n7fC03JuNOkHo48EfUZF6YBm3bM2rwreErjaCQrex-00EAnhzIMS6i8b3teL8EfaUvUMzMQlg1ihtKgUkcdu_-VAaWNVQl0-N_qAGVIY4qP7U_c1mMeqhlmUatsjci875U6MgsqArMG-C1ARNrbz1cr8ywCPKKeUq-NhcKsYCipiYAW6rC8f53V&amp;__tn__=-%5dK-R\">Universitatea<\/a>&nbsp;Politehnica Timisoara, care a raspus solicitarii noastre cu promptitudine si multa&nbsp; bunavointa.<\/p>\n\n\n\n<p><em>\u201cAnul acesta, am aplicat pentru un grant al A.N.P.D.P.D. cu un proiect care a inclus si cele 3 excursii ale centrelor noastre de zi. Din pacate. a fost admis fara finantare. Cu ajutorul unor prieteni ai Fundatiei \u201cPentru Voi\u201d am reusit sa gasim oameni generosi, pentru a putea organiza si in acest an traditionalele noastre excursii. Le suntem profund recunoscatori si le multumim in numele nostru si al celor peste 100 de beneficiari care vor merge in excursie, impreuna cu parinti sau personal de specialitate\u201d, a declarat Laila Onu, Directorul general al funda\u021biei.<\/em><\/p>\n\n\n\n<p><em>&nbsp;&nbsp;&nbsp;&nbsp;&nbsp;&nbsp;&nbsp;&nbsp;&nbsp;&nbsp;&nbsp;&nbsp;&nbsp;&nbsp;&nbsp;&nbsp;&nbsp;&nbsp;&nbsp;&nbsp;&nbsp;&nbsp;&nbsp;&nbsp;&nbsp; -Disclaimer-<\/em><\/p>\n\n\n\n<p><em>Centrele de zi \u015fi locuin\u0163ele protejate sunt subven\u0163ionate prin bugetul local al Prim\u0103riei Timi\u015foara.<br><br>Co-finan\u0163at prin subven\u0163ie acordat\u0103 de bugetul local al Municipiului Timi\u015foara.<\/em><\/p>\n","protected":false},"excerpt":{"rendered":"<p>De peste 25 de ani, organizam pentru fiecare dintre centrele noastre de zi, excursii anuale, asteptate cu mult enrtuziasm si nerabdare de catre persoanele cu dizabilitati intelectuale, care beneficiaza de acest tip de serviciu social. Excursiile sunt pentru unii dintre beneficiarii nostri singura oportunitate de a iesi din oras si de a se bucura de [&hellip;]<\/p>\n","protected":false},"author":1,"featured_media":1798,"comment_status":"open","ping_status":"open","sticky":false,"template":"","format":"standard","meta":{"_acf_changed":false,"ngg_post_thumbnail":0,"footnotes":""},"categories":[27,23],"tags":[],"class_list":["post-4759","post","type-post","status-publish","format-standard","has-post-thumbnail","hentry","category-fundatia-pentru-voi","category-pentru-voi","entry"],"acf":[],"yoast_head":"<!-- This site is optimized with the Yoast SEO plugin v26.7 - https:\/\/yoast.com\/wordpress\/plugins\/seo\/ -->\n<title>Comunicat de presa: Excursii cu sprijinul comunitatii catre Fundatia Pentru Voi - Fundatia Pentru Voi<\/title>\n<meta name=\"robots\" content=\"index, follow, max-snippet:-1, max-image-preview:large, max-video-preview:-1\" \/>\n<link rel=\"canonical\" href=\"https:\/\/dev.cm.upt.ro\/pentruvoi\/pentru-voi\/excursii-cu-sprijinul-comunitatii-catre-fundatia-pentru-voi\/\" \/>\n<meta property=\"og:locale\" content=\"en_US\" \/>\n<meta property=\"og:type\" content=\"article\" \/>\n<meta property=\"og:title\" content=\"Comunicat de presa: Excursii cu sprijinul comunitatii catre Fundatia Pentru Voi - Fundatia Pentru Voi\" \/>\n<meta property=\"og:description\" content=\"De peste 25 de ani, organizam pentru fiecare dintre centrele noastre de zi, excursii anuale, asteptate cu mult enrtuziasm si nerabdare de catre persoanele cu dizabilitati intelectuale, care beneficiaza de acest tip de serviciu social. Excursiile sunt pentru unii dintre beneficiarii nostri singura oportunitate de a iesi din oras si de a se bucura de [&hellip;]\" \/>\n<meta property=\"og:url\" content=\"https:\/\/dev.cm.upt.ro\/pentruvoi\/pentru-voi\/excursii-cu-sprijinul-comunitatii-catre-fundatia-pentru-voi\/\" \/>\n<meta property=\"og:site_name\" content=\"Fundatia Pentru Voi\" \/>\n<meta property=\"article:publisher\" content=\"https:\/\/www.facebook.com\/FoundationPentruVoi\" \/>\n<meta property=\"article:published_time\" content=\"2024-09-04T13:10:00+00:00\" \/>\n<meta property=\"article:modified_time\" content=\"2025-01-14T13:45:56+00:00\" \/>\n<meta property=\"og:image\" content=\"https:\/\/dev.cm.upt.ro\/pentruvoi\/wp-content\/uploads\/2019\/12\/37-scaled.jpg\" \/>\n\t<meta property=\"og:image:width\" content=\"2560\" \/>\n\t<meta property=\"og:image:height\" content=\"1700\" \/>\n\t<meta property=\"og:image:type\" content=\"image\/jpeg\" \/>\n<meta name=\"author\" content=\"Pentru Voi\" \/>\n<meta name=\"twitter:card\" content=\"summary_large_image\" \/>\n<meta name=\"twitter:creator\" content=\"@PentruVoi\" \/>\n<meta name=\"twitter:site\" content=\"@PentruVoi\" \/>\n<meta name=\"twitter:label1\" content=\"Written by\" \/>\n\t<meta name=\"twitter:data1\" content=\"Pentru Voi\" \/>\n\t<meta name=\"twitter:label2\" content=\"Est. reading time\" \/>\n\t<meta name=\"twitter:data2\" content=\"2 minutes\" \/>\n<script type=\"application\/ld+json\" class=\"yoast-schema-graph\">{\"@context\":\"https:\/\/schema.org\",\"@graph\":[{\"@type\":\"Article\",\"@id\":\"https:\/\/dev.cm.upt.ro\/pentruvoi\/pentru-voi\/excursii-cu-sprijinul-comunitatii-catre-fundatia-pentru-voi\/#article\",\"isPartOf\":{\"@id\":\"https:\/\/dev.cm.upt.ro\/pentruvoi\/pentru-voi\/excursii-cu-sprijinul-comunitatii-catre-fundatia-pentru-voi\/\"},\"author\":{\"name\":\"Pentru Voi\",\"@id\":\"https:\/\/dev.cm.upt.ro\/pentruvoi\/#\/schema\/person\/a5bfca8af895324299f6407b7c2b8221\"},\"headline\":\"Comunicat de presa: Excursii cu sprijinul comunitatii catre Fundatia Pentru Voi\",\"datePublished\":\"2024-09-04T13:10:00+00:00\",\"dateModified\":\"2025-01-14T13:45:56+00:00\",\"mainEntityOfPage\":{\"@id\":\"https:\/\/dev.cm.upt.ro\/pentruvoi\/pentru-voi\/excursii-cu-sprijinul-comunitatii-catre-fundatia-pentru-voi\/\"},\"wordCount\":354,\"commentCount\":0,\"publisher\":{\"@id\":\"https:\/\/dev.cm.upt.ro\/pentruvoi\/#organization\"},\"image\":{\"@id\":\"https:\/\/dev.cm.upt.ro\/pentruvoi\/pentru-voi\/excursii-cu-sprijinul-comunitatii-catre-fundatia-pentru-voi\/#primaryimage\"},\"thumbnailUrl\":\"https:\/\/dev.cm.upt.ro\/pentruvoi\/wp-content\/uploads\/2019\/12\/37-scaled.jpg\",\"articleSection\":[\"Funda\u021bia pentru voi\",\"Pentru Voi\"],\"inLanguage\":\"en-US\",\"potentialAction\":[{\"@type\":\"CommentAction\",\"name\":\"Comment\",\"target\":[\"https:\/\/dev.cm.upt.ro\/pentruvoi\/pentru-voi\/excursii-cu-sprijinul-comunitatii-catre-fundatia-pentru-voi\/#respond\"]}]},{\"@type\":\"WebPage\",\"@id\":\"https:\/\/dev.cm.upt.ro\/pentruvoi\/pentru-voi\/excursii-cu-sprijinul-comunitatii-catre-fundatia-pentru-voi\/\",\"url\":\"https:\/\/dev.cm.upt.ro\/pentruvoi\/pentru-voi\/excursii-cu-sprijinul-comunitatii-catre-fundatia-pentru-voi\/\",\"name\":\"Comunicat de presa: Excursii cu sprijinul comunitatii catre Fundatia Pentru Voi - Fundatia Pentru Voi\",\"isPartOf\":{\"@id\":\"https:\/\/dev.cm.upt.ro\/pentruvoi\/#website\"},\"primaryImageOfPage\":{\"@id\":\"https:\/\/dev.cm.upt.ro\/pentruvoi\/pentru-voi\/excursii-cu-sprijinul-comunitatii-catre-fundatia-pentru-voi\/#primaryimage\"},\"image\":{\"@id\":\"https:\/\/dev.cm.upt.ro\/pentruvoi\/pentru-voi\/excursii-cu-sprijinul-comunitatii-catre-fundatia-pentru-voi\/#primaryimage\"},\"thumbnailUrl\":\"https:\/\/dev.cm.upt.ro\/pentruvoi\/wp-content\/uploads\/2019\/12\/37-scaled.jpg\",\"datePublished\":\"2024-09-04T13:10:00+00:00\",\"dateModified\":\"2025-01-14T13:45:56+00:00\",\"breadcrumb\":{\"@id\":\"https:\/\/dev.cm.upt.ro\/pentruvoi\/pentru-voi\/excursii-cu-sprijinul-comunitatii-catre-fundatia-pentru-voi\/#breadcrumb\"},\"inLanguage\":\"en-US\",\"potentialAction\":[{\"@type\":\"ReadAction\",\"target\":[\"https:\/\/dev.cm.upt.ro\/pentruvoi\/pentru-voi\/excursii-cu-sprijinul-comunitatii-catre-fundatia-pentru-voi\/\"]}]},{\"@type\":\"ImageObject\",\"inLanguage\":\"en-US\",\"@id\":\"https:\/\/dev.cm.upt.ro\/pentruvoi\/pentru-voi\/excursii-cu-sprijinul-comunitatii-catre-fundatia-pentru-voi\/#primaryimage\",\"url\":\"https:\/\/dev.cm.upt.ro\/pentruvoi\/wp-content\/uploads\/2019\/12\/37-scaled.jpg\",\"contentUrl\":\"https:\/\/dev.cm.upt.ro\/pentruvoi\/wp-content\/uploads\/2019\/12\/37-scaled.jpg\",\"width\":2560,\"height\":1700},{\"@type\":\"BreadcrumbList\",\"@id\":\"https:\/\/dev.cm.upt.ro\/pentruvoi\/pentru-voi\/excursii-cu-sprijinul-comunitatii-catre-fundatia-pentru-voi\/#breadcrumb\",\"itemListElement\":[{\"@type\":\"ListItem\",\"position\":1,\"name\":\"Prima pagin\u0103\",\"item\":\"https:\/\/dev.cm.upt.ro\/pentruvoi\/\"},{\"@type\":\"ListItem\",\"position\":2,\"name\":\"Comunicat de presa: Excursii cu sprijinul comunitatii catre Fundatia Pentru Voi\"}]},{\"@type\":\"WebSite\",\"@id\":\"https:\/\/dev.cm.upt.ro\/pentruvoi\/#website\",\"url\":\"https:\/\/dev.cm.upt.ro\/pentruvoi\/\",\"name\":\"Fundatia Pentru Voi\",\"description\":\"\",\"publisher\":{\"@id\":\"https:\/\/dev.cm.upt.ro\/pentruvoi\/#organization\"},\"potentialAction\":[{\"@type\":\"SearchAction\",\"target\":{\"@type\":\"EntryPoint\",\"urlTemplate\":\"https:\/\/dev.cm.upt.ro\/pentruvoi\/?s={search_term_string}\"},\"query-input\":{\"@type\":\"PropertyValueSpecification\",\"valueRequired\":true,\"valueName\":\"search_term_string\"}}],\"inLanguage\":\"en-US\"},{\"@type\":\"Organization\",\"@id\":\"https:\/\/dev.cm.upt.ro\/pentruvoi\/#organization\",\"name\":\"Fundatia Pentru Voi\",\"url\":\"https:\/\/dev.cm.upt.ro\/pentruvoi\/\",\"logo\":{\"@type\":\"ImageObject\",\"inLanguage\":\"en-US\",\"@id\":\"https:\/\/dev.cm.upt.ro\/pentruvoi\/#\/schema\/logo\/image\/\",\"url\":\"https:\/\/dev.cm.upt.ro\/pentruvoi\/wp-content\/uploads\/2020\/01\/logo_pentruvoi.png\",\"contentUrl\":\"https:\/\/dev.cm.upt.ro\/pentruvoi\/wp-content\/uploads\/2020\/01\/logo_pentruvoi.png\",\"width\":157,\"height\":80,\"caption\":\"Fundatia Pentru Voi\"},\"image\":{\"@id\":\"https:\/\/dev.cm.upt.ro\/pentruvoi\/#\/schema\/logo\/image\/\"},\"sameAs\":[\"https:\/\/www.facebook.com\/FoundationPentruVoi\",\"https:\/\/x.com\/PentruVoi\"]},{\"@type\":\"Person\",\"@id\":\"https:\/\/dev.cm.upt.ro\/pentruvoi\/#\/schema\/person\/a5bfca8af895324299f6407b7c2b8221\",\"name\":\"Pentru Voi\",\"image\":{\"@type\":\"ImageObject\",\"inLanguage\":\"en-US\",\"@id\":\"https:\/\/dev.cm.upt.ro\/pentruvoi\/#\/schema\/person\/image\/\",\"url\":\"https:\/\/secure.gravatar.com\/avatar\/f32c49254ecbb28577806521f9f0df6400a1240957a45612ab56ced288a1c583?s=96&d=wavatar&r=g\",\"contentUrl\":\"https:\/\/secure.gravatar.com\/avatar\/f32c49254ecbb28577806521f9f0df6400a1240957a45612ab56ced288a1c583?s=96&d=wavatar&r=g\",\"caption\":\"Pentru Voi\"},\"url\":\"https:\/\/dev.cm.upt.ro\/pentruvoi\/author\/silviuvert\/\"}]}<\/script>\n<!-- \/ Yoast SEO plugin. -->","yoast_head_json":{"title":"Comunicat de presa: Excursii cu sprijinul comunitatii catre Fundatia Pentru Voi - Fundatia Pentru Voi","robots":{"index":"index","follow":"follow","max-snippet":"max-snippet:-1","max-image-preview":"max-image-preview:large","max-video-preview":"max-video-preview:-1"},"canonical":"https:\/\/dev.cm.upt.ro\/pentruvoi\/pentru-voi\/excursii-cu-sprijinul-comunitatii-catre-fundatia-pentru-voi\/","og_locale":"en_US","og_type":"article","og_title":"Comunicat de presa: Excursii cu sprijinul comunitatii catre Fundatia Pentru Voi - Fundatia Pentru Voi","og_description":"De peste 25 de ani, organizam pentru fiecare dintre centrele noastre de zi, excursii anuale, asteptate cu mult enrtuziasm si nerabdare de catre persoanele cu dizabilitati intelectuale, care beneficiaza de acest tip de serviciu social. Excursiile sunt pentru unii dintre beneficiarii nostri singura oportunitate de a iesi din oras si de a se bucura de [&hellip;]","og_url":"https:\/\/dev.cm.upt.ro\/pentruvoi\/pentru-voi\/excursii-cu-sprijinul-comunitatii-catre-fundatia-pentru-voi\/","og_site_name":"Fundatia Pentru Voi","article_publisher":"https:\/\/www.facebook.com\/FoundationPentruVoi","article_published_time":"2024-09-04T13:10:00+00:00","article_modified_time":"2025-01-14T13:45:56+00:00","og_image":[{"width":2560,"height":1700,"url":"https:\/\/dev.cm.upt.ro\/pentruvoi\/wp-content\/uploads\/2019\/12\/37-scaled.jpg","type":"image\/jpeg"}],"author":"Pentru Voi","twitter_card":"summary_large_image","twitter_creator":"@PentruVoi","twitter_site":"@PentruVoi","twitter_misc":{"Written by":"Pentru Voi","Est. reading time":"2 minutes"},"schema":{"@context":"https:\/\/schema.org","@graph":[{"@type":"Article","@id":"https:\/\/dev.cm.upt.ro\/pentruvoi\/pentru-voi\/excursii-cu-sprijinul-comunitatii-catre-fundatia-pentru-voi\/#article","isPartOf":{"@id":"https:\/\/dev.cm.upt.ro\/pentruvoi\/pentru-voi\/excursii-cu-sprijinul-comunitatii-catre-fundatia-pentru-voi\/"},"author":{"name":"Pentru Voi","@id":"https:\/\/dev.cm.upt.ro\/pentruvoi\/#\/schema\/person\/a5bfca8af895324299f6407b7c2b8221"},"headline":"Comunicat de presa: Excursii cu sprijinul comunitatii catre Fundatia Pentru Voi","datePublished":"2024-09-04T13:10:00+00:00","dateModified":"2025-01-14T13:45:56+00:00","mainEntityOfPage":{"@id":"https:\/\/dev.cm.upt.ro\/pentruvoi\/pentru-voi\/excursii-cu-sprijinul-comunitatii-catre-fundatia-pentru-voi\/"},"wordCount":354,"commentCount":0,"publisher":{"@id":"https:\/\/dev.cm.upt.ro\/pentruvoi\/#organization"},"image":{"@id":"https:\/\/dev.cm.upt.ro\/pentruvoi\/pentru-voi\/excursii-cu-sprijinul-comunitatii-catre-fundatia-pentru-voi\/#primaryimage"},"thumbnailUrl":"https:\/\/dev.cm.upt.ro\/pentruvoi\/wp-content\/uploads\/2019\/12\/37-scaled.jpg","articleSection":["Funda\u021bia pentru voi","Pentru Voi"],"inLanguage":"en-US","potentialAction":[{"@type":"CommentAction","name":"Comment","target":["https:\/\/dev.cm.upt.ro\/pentruvoi\/pentru-voi\/excursii-cu-sprijinul-comunitatii-catre-fundatia-pentru-voi\/#respond"]}]},{"@type":"WebPage","@id":"https:\/\/dev.cm.upt.ro\/pentruvoi\/pentru-voi\/excursii-cu-sprijinul-comunitatii-catre-fundatia-pentru-voi\/","url":"https:\/\/dev.cm.upt.ro\/pentruvoi\/pentru-voi\/excursii-cu-sprijinul-comunitatii-catre-fundatia-pentru-voi\/","name":"Comunicat de presa: Excursii cu sprijinul comunitatii catre Fundatia Pentru Voi - Fundatia Pentru Voi","isPartOf":{"@id":"https:\/\/dev.cm.upt.ro\/pentruvoi\/#website"},"primaryImageOfPage":{"@id":"https:\/\/dev.cm.upt.ro\/pentruvoi\/pentru-voi\/excursii-cu-sprijinul-comunitatii-catre-fundatia-pentru-voi\/#primaryimage"},"image":{"@id":"https:\/\/dev.cm.upt.ro\/pentruvoi\/pentru-voi\/excursii-cu-sprijinul-comunitatii-catre-fundatia-pentru-voi\/#primaryimage"},"thumbnailUrl":"https:\/\/dev.cm.upt.ro\/pentruvoi\/wp-content\/uploads\/2019\/12\/37-scaled.jpg","datePublished":"2024-09-04T13:10:00+00:00","dateModified":"2025-01-14T13:45:56+00:00","breadcrumb":{"@id":"https:\/\/dev.cm.upt.ro\/pentruvoi\/pentru-voi\/excursii-cu-sprijinul-comunitatii-catre-fundatia-pentru-voi\/#breadcrumb"},"inLanguage":"en-US","potentialAction":[{"@type":"ReadAction","target":["https:\/\/dev.cm.upt.ro\/pentruvoi\/pentru-voi\/excursii-cu-sprijinul-comunitatii-catre-fundatia-pentru-voi\/"]}]},{"@type":"ImageObject","inLanguage":"en-US","@id":"https:\/\/dev.cm.upt.ro\/pentruvoi\/pentru-voi\/excursii-cu-sprijinul-comunitatii-catre-fundatia-pentru-voi\/#primaryimage","url":"https:\/\/dev.cm.upt.ro\/pentruvoi\/wp-content\/uploads\/2019\/12\/37-scaled.jpg","contentUrl":"https:\/\/dev.cm.upt.ro\/pentruvoi\/wp-content\/uploads\/2019\/12\/37-scaled.jpg","width":2560,"height":1700},{"@type":"BreadcrumbList","@id":"https:\/\/dev.cm.upt.ro\/pentruvoi\/pentru-voi\/excursii-cu-sprijinul-comunitatii-catre-fundatia-pentru-voi\/#breadcrumb","itemListElement":[{"@type":"ListItem","position":1,"name":"Prima pagin\u0103","item":"https:\/\/dev.cm.upt.ro\/pentruvoi\/"},{"@type":"ListItem","position":2,"name":"Comunicat de presa: Excursii cu sprijinul comunitatii catre Fundatia Pentru Voi"}]},{"@type":"WebSite","@id":"https:\/\/dev.cm.upt.ro\/pentruvoi\/#website","url":"https:\/\/dev.cm.upt.ro\/pentruvoi\/","name":"Fundatia Pentru Voi","description":"","publisher":{"@id":"https:\/\/dev.cm.upt.ro\/pentruvoi\/#organization"},"potentialAction":[{"@type":"SearchAction","target":{"@type":"EntryPoint","urlTemplate":"https:\/\/dev.cm.upt.ro\/pentruvoi\/?s={search_term_string}"},"query-input":{"@type":"PropertyValueSpecification","valueRequired":true,"valueName":"search_term_string"}}],"inLanguage":"en-US"},{"@type":"Organization","@id":"https:\/\/dev.cm.upt.ro\/pentruvoi\/#organization","name":"Fundatia Pentru Voi","url":"https:\/\/dev.cm.upt.ro\/pentruvoi\/","logo":{"@type":"ImageObject","inLanguage":"en-US","@id":"https:\/\/dev.cm.upt.ro\/pentruvoi\/#\/schema\/logo\/image\/","url":"https:\/\/dev.cm.upt.ro\/pentruvoi\/wp-content\/uploads\/2020\/01\/logo_pentruvoi.png","contentUrl":"https:\/\/dev.cm.upt.ro\/pentruvoi\/wp-content\/uploads\/2020\/01\/logo_pentruvoi.png","width":157,"height":80,"caption":"Fundatia Pentru Voi"},"image":{"@id":"https:\/\/dev.cm.upt.ro\/pentruvoi\/#\/schema\/logo\/image\/"},"sameAs":["https:\/\/www.facebook.com\/FoundationPentruVoi","https:\/\/x.com\/PentruVoi"]},{"@type":"Person","@id":"https:\/\/dev.cm.upt.ro\/pentruvoi\/#\/schema\/person\/a5bfca8af895324299f6407b7c2b8221","name":"Pentru Voi","image":{"@type":"ImageObject","inLanguage":"en-US","@id":"https:\/\/dev.cm.upt.ro\/pentruvoi\/#\/schema\/person\/image\/","url":"https:\/\/secure.gravatar.com\/avatar\/f32c49254ecbb28577806521f9f0df6400a1240957a45612ab56ced288a1c583?s=96&d=wavatar&r=g","contentUrl":"https:\/\/secure.gravatar.com\/avatar\/f32c49254ecbb28577806521f9f0df6400a1240957a45612ab56ced288a1c583?s=96&d=wavatar&r=g","caption":"Pentru Voi"},"url":"https:\/\/dev.cm.upt.ro\/pentruvoi\/author\/silviuvert\/"}]}},"_links":{"self":[{"href":"https:\/\/dev.cm.upt.ro\/pentruvoi\/wp-json\/wp\/v2\/posts\/4759","targetHints":{"allow":["GET"]}}],"collection":[{"href":"https:\/\/dev.cm.upt.ro\/pentruvoi\/wp-json\/wp\/v2\/posts"}],"about":[{"href":"https:\/\/dev.cm.upt.ro\/pentruvoi\/wp-json\/wp\/v2\/types\/post"}],"author":[{"embeddable":true,"href":"https:\/\/dev.cm.upt.ro\/pentruvoi\/wp-json\/wp\/v2\/users\/1"}],"replies":[{"embeddable":true,"href":"https:\/\/dev.cm.upt.ro\/pentruvoi\/wp-json\/wp\/v2\/comments?post=4759"}],"version-history":[{"count":2,"href":"https:\/\/dev.cm.upt.ro\/pentruvoi\/wp-json\/wp\/v2\/posts\/4759\/revisions"}],"predecessor-version":[{"id":4762,"href":"https:\/\/dev.cm.upt.ro\/pentruvoi\/wp-json\/wp\/v2\/posts\/4759\/revisions\/4762"}],"wp:featuredmedia":[{"embeddable":true,"href":"https:\/\/dev.cm.upt.ro\/pentruvoi\/wp-json\/wp\/v2\/media\/1798"}],"wp:attachment":[{"href":"https:\/\/dev.cm.upt.ro\/pentruvoi\/wp-json\/wp\/v2\/media?parent=4759"}],"wp:term":[{"taxonomy":"category","embeddable":true,"href":"https:\/\/dev.cm.upt.ro\/pentruvoi\/wp-json\/wp\/v2\/categories?post=4759"},{"taxonomy":"post_tag","embeddable":true,"href":"https:\/\/dev.cm.upt.ro\/pentruvoi\/wp-json\/wp\/v2\/tags?post=4759"}],"curies":[{"name":"wp","href":"https:\/\/api.w.org\/{rel}","templated":true}]}}